{"id":796,"date":"2017-12-11T15:45:40","date_gmt":"2017-12-11T14:45:40","guid":{"rendered":"https:\/\/www.laure.archi.fr\/?p=796"},"modified":"2018-01-10T16:00:01","modified_gmt":"2018-01-10T15:00:01","slug":"cafe-du-laure-jeudi-14-decembre-12h30","status":"publish","type":"post","link":"https:\/\/www.laure.archi.fr\/?p=796","title":{"rendered":"\u00e0 venir \/ Jana Revedin"},"content":{"rendered":"<h5><em>La conception radicante<\/em> : vers un changement de paradigme en sciences et pratiques d&rsquo;architecture et urbanisme.<\/h5>\n<blockquote>\n<p style=\"padding-left: 60px;\">\u00ab\u00a0L&rsquo;unit\u00e9 et la multiplicit\u00e9 sont entrelac\u00e9es, sans que l&rsquo;une ne puisse pr\u00e9c\u00e9der, dominer ou effacer l&rsquo;autre. L&rsquo;une n&rsquo;existe pas sans l&rsquo;autre.\u00a0\u00bb Gilles Deleuze, F\u00e9lix Guattari, Rhizome<\/p>\n<\/blockquote>\n","protected":false},"excerpt":{"rendered":"<p>La conception radicante : vers un changement de paradigme en sciences et pratiques d&rsquo;architecture et urbanisme. \u00ab\u00a0L&rsquo;unit\u00e9 et la multiplicit\u00e9 sont entrelac\u00e9es, sans que l&rsquo;une ne puisse pr\u00e9c\u00e9der, dominer ou effacer l&rsquo;autre. L&rsquo;une n&rsquo;existe pas sans l&rsquo;autre.\u00a0\u00bb Gilles Deleuze, F\u00e9lix Guattari, Rhizome<\/p>\n","protected":false},"author":1,"featured_media":0,"comment_status":"open","ping_status":"open","sticky":false,"template":"","format":"standard","meta":[],"categories":[17],"tags":[],"_links":{"self":[{"href":"https:\/\/www.laure.archi.fr\/index.php?rest_route=\/wp\/v2\/posts\/796"}],"collection":[{"href":"https:\/\/www.laure.archi.fr\/index.php?rest_route=\/wp\/v2\/posts"}],"about":[{"href":"https:\/\/www.laure.archi.fr\/index.php?rest_route=\/wp\/v2\/types\/post"}],"author":[{"embeddable":true,"href":"https:\/\/www.laure.archi.fr\/index.php?rest_route=\/wp\/v2\/users\/1"}],"replies":[{"embeddable":true,"href":"https:\/\/www.laure.archi.fr\/index.php?rest_route=%2Fwp%2Fv2%2Fcomments&post=796"}],"version-history":[{"count":8,"href":"https:\/\/www.laure.archi.fr\/index.php?rest_route=\/wp\/v2\/posts\/796\/revisions"}],"predecessor-version":[{"id":890,"href":"https:\/\/www.laure.archi.fr\/index.php?rest_route=\/wp\/v2\/posts\/796\/revisions\/890"}],"wp:attachment":[{"href":"https:\/\/www.laure.archi.fr\/index.php?rest_route=%2Fwp%2Fv2%2Fmedia&parent=796"}],"wp:term":[{"taxonomy":"category","embeddable":true,"href":"https:\/\/www.laure.archi.fr\/index.php?rest_route=%2Fwp%2Fv2%2Fcategories&post=796"},{"taxonomy":"post_tag","embeddable":true,"href":"https:\/\/www.laure.archi.fr\/index.php?rest_route=%2Fwp%2Fv2%2Ftags&post=796"}],"curies":[{"name":"wp","href":"https:\/\/api.w.org\/{rel}","templated":true}]}}