{"id":627,"date":"2017-02-08T22:59:52","date_gmt":"2017-02-08T20:59:52","guid":{"rendered":"http:\/\/laureensal.hypotheses.org\/?p=627"},"modified":"2017-12-13T16:19:53","modified_gmt":"2017-12-13T15:19:53","slug":"cafe-du-laure-mardi-14-fevrier-13h","status":"publish","type":"post","link":"https:\/\/www.laure.archi.fr\/?p=627","title":{"rendered":"mardi 14 f\u00e9vrier 13h \/ Caf\u00e9 du Laure"},"content":{"rendered":"<h5>L\u00e9a Marchand, Fran\u00e7ois Duch\u00eane et David Desaleux<\/h5>\n<h5><em>Lyon vall\u00e9e de la chimie, travers\u00e9e d&rsquo;un paysage industriel<\/em>, (Libel 2015)<\/h5>\n<p style=\"text-align: justify;\">Au c\u0153ur de la vall\u00e9e. Un urbaniste, une experte du monde associatif et un photographe explorent le territoire qui compose la vall\u00e9e de la chimie au sud de Lyon. Entre usines actives ou d\u00e9saffect\u00e9es et jardins partag\u00e9s, ils \u00e9clairent ses liens au travail et \u00e0 l\u2019industrie et proposent une vision \u00e0 hauteur d\u2019hommes, face aux chemin\u00e9es industrielles.<\/p>\n","protected":false},"excerpt":{"rendered":"<p>L\u00e9a Marchand, Fran\u00e7ois Duch\u00eane et David Desaleux Lyon vall\u00e9e de la chimie, travers\u00e9e d&rsquo;un paysage industriel, (Libel 2015) Au c\u0153ur de la vall\u00e9e. Un urbaniste, une experte du monde associatif et un photographe explorent le territoire qui compose la vall\u00e9e de la chimie au sud de Lyon. Entre usines actives ou d\u00e9saffect\u00e9es et jardins partag\u00e9s, &hellip; <a href=\"https:\/\/www.laure.archi.fr\/?p=627\" class=\"more-link\">Continuer la lecture de <span class=\"screen-reader-text\">mardi 14 f\u00e9vrier 13h \/ Caf\u00e9 du Laure<\/span> <span class=\"meta-nav\">&rarr;<\/span><\/a><\/p>\n","protected":false},"author":2,"featured_media":0,"comment_status":"open","ping_status":"open","sticky":false,"template":"","format":"standard","meta":[],"categories":[17],"tags":[],"_links":{"self":[{"href":"https:\/\/www.laure.archi.fr\/index.php?rest_route=\/wp\/v2\/posts\/627"}],"collection":[{"href":"https:\/\/www.laure.archi.fr\/index.php?rest_route=\/wp\/v2\/posts"}],"about":[{"href":"https:\/\/www.laure.archi.fr\/index.php?rest_route=\/wp\/v2\/types\/post"}],"author":[{"embeddable":true,"href":"https:\/\/www.laure.archi.fr\/index.php?rest_route=\/wp\/v2\/users\/2"}],"replies":[{"embeddable":true,"href":"https:\/\/www.laure.archi.fr\/index.php?rest_route=%2Fwp%2Fv2%2Fcomments&post=627"}],"version-history":[{"count":2,"href":"https:\/\/www.laure.archi.fr\/index.php?rest_route=\/wp\/v2\/posts\/627\/revisions"}],"predecessor-version":[{"id":827,"href":"https:\/\/www.laure.archi.fr\/index.php?rest_route=\/wp\/v2\/posts\/627\/revisions\/827"}],"wp:attachment":[{"href":"https:\/\/www.laure.archi.fr\/index.php?rest_route=%2Fwp%2Fv2%2Fmedia&parent=627"}],"wp:term":[{"taxonomy":"category","embeddable":true,"href":"https:\/\/www.laure.archi.fr\/index.php?rest_route=%2Fwp%2Fv2%2Fcategories&post=627"},{"taxonomy":"post_tag","embeddable":true,"href":"https:\/\/www.laure.archi.fr\/index.php?rest_route=%2Fwp%2Fv2%2Ftags&post=627"}],"curies":[{"name":"wp","href":"https:\/\/api.w.org\/{rel}","templated":true}]}}