{"id":1247,"date":"2021-02-08T12:57:53","date_gmt":"2021-02-08T11:57:53","guid":{"rendered":"https:\/\/www.laure.archi.fr\/?p=1247"},"modified":"2021-02-08T12:57:53","modified_gmt":"2021-02-08T11:57:53","slug":"philippe-dufieux-seminaire-doctoral-le-temps-de-lhistoire","status":"publish","type":"post","link":"https:\/\/www.laure.archi.fr\/?p=1247","title":{"rendered":"Philippe Dufieux \/ s\u00e9minaire doctoral \u00ab\u00a0Le temps de l\u2019histoire\u00a0\u00bb"},"content":{"rendered":"\n<p><em>mercredi 10 f\u00e9vrier 2021 de 9h \u00e0 13h en visioconf\u00e9rence<\/em><\/p>\n\n\n\n<figure class=\"wp-block-image\"><img loading=\"lazy\" width=\"1024\" height=\"673\" src=\"https:\/\/www.laure.archi.fr\/wp-content\/uploads\/2021\/02\/img_1882_0-1024x673.jpg\" alt=\"\" class=\"wp-image-1248\" srcset=\"https:\/\/www.laure.archi.fr\/wp-content\/uploads\/2021\/02\/img_1882_0-1024x673.jpg 1024w, https:\/\/www.laure.archi.fr\/wp-content\/uploads\/2021\/02\/img_1882_0-300x197.jpg 300w, https:\/\/www.laure.archi.fr\/wp-content\/uploads\/2021\/02\/img_1882_0-768x505.jpg 768w, https:\/\/www.laure.archi.fr\/wp-content\/uploads\/2021\/02\/img_1882_0.jpg 2000w\" sizes=\"(max-width: 1024px) 100vw, 1024px\" \/><figcaption>Charles-Louis Girault, Mus\u00e9e royal de l\u2019Afrique centrale  [ancien. mus\u00e9e du Congo belge]  \u00e0 Tervuren (Belgique) 1902-1910 <\/figcaption><\/figure>\n\n\n\n<!--more-->\n\n\n\n<p>Organis\u00e9 dans  le cadre du domaine d&rsquo;\u00e9tudes de master Architecture, h\u00e9ritage et  durabilit\u00e9, le s\u00e9minaire fera intervenir trois doctorants qui  pr\u00e9senteront leurs travaux de recherche.<\/p>\n\n\n\n<ul><li>Charles-Louis Girault (1851-1933), architecte de la Belle \u00c9poque  entre Paris et Bruxelles, un \u00e9tat de la question  \u2013 <strong>Charbel Hakim<\/strong> (th\u00e8se en codirection avec Thomas Coomans de Brach\u00e8ne,  Katholieke Universiteit Leuven) <\/li><li>Guy Rottier (1922-2013) et le GIAP, fiction et prospective\u2013 <strong>Thomas Gluckin  <\/strong><\/li><li>Restaurer l\u2019\u0153uvre de Jean Prouv\u00e9. Le prototype, outil de r\u00e9habilitation.  \u00c0 projet du projet d\u00e9monstrateur du 44 rue de la Favorite \u00e0 Lyon\u2013 <strong>Mathilde Padilla<\/strong> (th\u00e8se en codirection avec Olivier Bala\u00ff ENSAL)<\/li><\/ul>\n\n\n\n<p>Pour participer au s\u00e9minaire, voici le lien de connexion: <a href=\"https:\/\/us02web.zoom.us\/j\/84113836170?pwd=MGFLamZKUXA1M1Jrc1FuZDJydjFYdz09\" target=\"_blank\" rel=\"noreferrer noopener\">https:\/\/us02web.zoom.us\/j\/84113836170?pwd=MGFLamZKUXA1M1Jrc1FuZDJydjFYdz09<\/a><br>ID de r\u00e9union : 841 1383 6170<br>Code secret : 595531\n\n<\/p>\n","protected":false},"excerpt":{"rendered":"<p>mercredi 10 f\u00e9vrier 2021 de 9h \u00e0 13h en visioconf\u00e9rence<\/p>\n","protected":false},"author":1,"featured_media":0,"comment_status":"open","ping_status":"open","sticky":false,"template":"","format":"standard","meta":[],"categories":[27],"tags":[],"_links":{"self":[{"href":"https:\/\/www.laure.archi.fr\/index.php?rest_route=\/wp\/v2\/posts\/1247"}],"collection":[{"href":"https:\/\/www.laure.archi.fr\/index.php?rest_route=\/wp\/v2\/posts"}],"about":[{"href":"https:\/\/www.laure.archi.fr\/index.php?rest_route=\/wp\/v2\/types\/post"}],"author":[{"embeddable":true,"href":"https:\/\/www.laure.archi.fr\/index.php?rest_route=\/wp\/v2\/users\/1"}],"replies":[{"embeddable":true,"href":"https:\/\/www.laure.archi.fr\/index.php?rest_route=%2Fwp%2Fv2%2Fcomments&post=1247"}],"version-history":[{"count":2,"href":"https:\/\/www.laure.archi.fr\/index.php?rest_route=\/wp\/v2\/posts\/1247\/revisions"}],"predecessor-version":[{"id":1250,"href":"https:\/\/www.laure.archi.fr\/index.php?rest_route=\/wp\/v2\/posts\/1247\/revisions\/1250"}],"wp:attachment":[{"href":"https:\/\/www.laure.archi.fr\/index.php?rest_route=%2Fwp%2Fv2%2Fmedia&parent=1247"}],"wp:term":[{"taxonomy":"category","embeddable":true,"href":"https:\/\/www.laure.archi.fr\/index.php?rest_route=%2Fwp%2Fv2%2Fcategories&post=1247"},{"taxonomy":"post_tag","embeddable":true,"href":"https:\/\/www.laure.archi.fr\/index.php?rest_route=%2Fwp%2Fv2%2Ftags&post=1247"}],"curies":[{"name":"wp","href":"https:\/\/api.w.org\/{rel}","templated":true}]}}