{"id":1239,"date":"2021-02-08T12:39:42","date_gmt":"2021-02-08T11:39:42","guid":{"rendered":"https:\/\/www.laure.archi.fr\/?p=1239"},"modified":"2021-02-08T12:45:11","modified_gmt":"2021-02-08T11:45:11","slug":"horizons-huit-regards-sur-les-futurs-des-territoires-scenarios-prospectifs-pour-le-territoire-des-cotieres-de-lain-a-horizon-2050","status":"publish","type":"post","link":"https:\/\/www.laure.archi.fr\/?p=1239","title":{"rendered":"Horizons: huit regards sur le(s)  futur(s) des territoires &#8211; sc\u00e9narios  prospectifs pour le territoire des C\u00f4ti\u00e8res de l&rsquo;Ain \u00e0 horizon 2050"},"content":{"rendered":"\n<p><em>cycle de huit conf\u00e9rences le 14 et 15 d\u00e9cembre 2020 <\/em><\/p>\n\n\n\n<p><em><strong>D&rsquo;un  archipel de villes \u00e0 la ville archipel : le p\u00e9riurbain en transition &#8211;  une initiation au projet urbain de licence \/\/ Huit regards sur le(s)  futur(s) des territoires&nbsp;<\/strong>Dans le cadre de la semaine d&rsquo;atelier intensif \u00ab\u00a0horizons\u00a0\u00bb,  durant laquelle les 120 \u00e9tudiant\u00b7es de licence 3 de l&rsquo;Ecole Nationale  Sup\u00e9rieure d&rsquo;Architecture de Lyon seront amen\u00e9s \u00e0 \u00e9tablir des sc\u00e9narios  prospectifs pour le territoire des C\u00f4ti\u00e8res de l&rsquo;Ain \u00e0 horizon 2050, un panel d&rsquo;expertises ext\u00e9rieures (ergonome,  climatologue, agronome, \u00e9cologue, politiste, sociologue, \u00e9lu,  paysagiste) a \u00e9t\u00e9 invit\u00e9 \u00e0 partager son regard sur les futurs des  territoires. <\/em><\/p>\n\n\n\n<!--more-->\n\n\n\n<p><br><strong>Pr\u00e9sentation des&nbsp;intervenant\u00b7es :&nbsp;Adrien Baysse-Lain\u00e9<\/strong>, g\u00e9ographe, chercheur au laboratoire PACTE, Grenoble &#8211;&nbsp;<em>Le foncier agricole, un levier pour am\u00e9nager des espaces p\u00e9riurbains nourriciers ? ; <\/em>conf\u00e9rence mod\u00e9r\u00e9e par Manuel Appert, 14 d\u00e9cembre, 10h-12h <br><strong>Eric Charmes<\/strong>, chercheur en sciences sociales appliqu\u00e9es \u00e0 l\u2019urbain au laboratoire EVS-RIVES, ENTPE &#8211;&nbsp;<em>Le p\u00e9riurbain peut \u00eatre aussi \u00e9cologique,&nbsp;<\/em>conf\u00e9rence mod\u00e9r\u00e9e par Fran\u00e7ois Nowakowski, 14 d\u00e9cembre, 10h-12h <strong>Bruno Loustalet<\/strong>, ancien maire, doctorant, laboratoire RIVES, ENTPE-&nbsp;<em>La&nbsp;C\u00f4ti\u00e8re&nbsp;et&nbsp;la Plaine de l\u2019Ain&nbsp;:&nbsp;Une construction territoriale au prisme des r\u00e9gimes p\u00e9riurbains institutionnalis\u00e9s,&nbsp;<\/em>conf\u00e9rence mod\u00e9r\u00e9e par Thierry Saunier, 14 d\u00e9cembre, 14h-16h <strong>Anthony Menut<\/strong>, paysagiste-concepteur, Agence LAO Paysages &#8211;&nbsp;<em>\u00ab\u00a0Dumbis 2071&nbsp;\u00bb,&nbsp;<\/em>conf\u00e9rence mod\u00e9r\u00e9e par Fran\u00e7ois Nowakowski, , 14 d\u00e9cembre, 16h-18h <br><strong>Claire Planchat<\/strong>,&nbsp;ing\u00e9nieure en sociologie de  l\u2019environnement, docteur en g\u00e9ographie &#8211; am\u00e9nagement, agence \u00ab&nbsp;Vous \u00eates  d\u2019ici&nbsp;\u00bb, chercheur associ\u00e9e UMR Territoires &#8211;&nbsp;<em>Appr\u00e9hender la nature pour ce qu\u2019elle est et ce qu\u2019elle nous apporte&nbsp;: &nbsp;int\u00e9gration de la notion de services \u00e9cosyst\u00e9miques au projet,&nbsp;<\/em>conf\u00e9rence mod\u00e9r\u00e9e par Manuel Appert, 14 d\u00e9cembre, 16h-18h <br><strong>Patricia Lejoux<\/strong>, chercheuse en am\u00e9nagement et urbanisme au LAET, ENTPE &#8211;&nbsp;<em>Les mobilit\u00e9s p\u00e9riurbaines, \u00e0 la crois\u00e9e des chemins&nbsp;?,&nbsp;<\/em>conf\u00e9rence mod\u00e9r\u00e9e par Yan Olivar\u00e8s, 15 d\u00e9cembre, 10h-12h <br><strong>Pascal B\u00e9guin<\/strong>, professeur d&rsquo;ergonomie \u00e0 l\u2019institut d\u2019\u00e9tudes du Travail, Universit\u00e9 Lumi\u00e8re, Lyon &#8211;&nbsp;<em>La conduite de projet,&nbsp;<\/em>conf\u00e9rence mod\u00e9r\u00e9e par Luna d\u2019Emilio, 15 d\u00e9cembre, 14h-16h <br><strong>Florent Renard<\/strong>, ma\u00eetre de conf\u00e9rences en g\u00e9ographie et am\u00e9nagement, Universit\u00e9 Jean-Moulin, chercheur UMR EVS, Lyon &#8211;&nbsp;<em>Les zones climatiques locales comme outils d&rsquo;aide \u00e0 l&rsquo;adaptation au changement climatique,&nbsp;<\/em>conf\u00e9rence mod\u00e9r\u00e9e par Emmanuel Manger, 15 d\u00e9cembre, 14h-16h <\/p>\n\n\n\n<p><br><em>Les interventions ont \u00e9t\u00e9 enregistr\u00e9es et sont accessibles ici:<\/em> <em>https:\/\/drive.google.com\/drive\/folders\/1Rj1rKx1KFADVLoBvfqEYeHDuziWS42Uj<\/em><\/p>\n\n\n\n<p><\/p>\n","protected":false},"excerpt":{"rendered":"<p>cycle de huit conf\u00e9rences le 14 et 15 d\u00e9cembre 2020 D&rsquo;un archipel de villes \u00e0 la ville archipel : le p\u00e9riurbain en transition &#8211; une initiation au projet urbain de licence \/\/ Huit regards sur le(s) futur(s) des territoires&nbsp;Dans le cadre de la semaine d&rsquo;atelier intensif \u00ab\u00a0horizons\u00a0\u00bb, durant laquelle les 120 \u00e9tudiant\u00b7es de licence 3 &hellip; <a href=\"https:\/\/www.laure.archi.fr\/?p=1239\" class=\"more-link\">Continuer la lecture de <span class=\"screen-reader-text\">Horizons: huit regards sur le(s)  futur(s) des territoires &#8211; sc\u00e9narios  prospectifs pour le territoire des C\u00f4ti\u00e8res de l&rsquo;Ain \u00e0 horizon 2050<\/span> <span class=\"meta-nav\">&rarr;<\/span><\/a><\/p>\n","protected":false},"author":1,"featured_media":0,"comment_status":"open","ping_status":"open","sticky":false,"template":"","format":"standard","meta":[],"categories":[21],"tags":[],"_links":{"self":[{"href":"https:\/\/www.laure.archi.fr\/index.php?rest_route=\/wp\/v2\/posts\/1239"}],"collection":[{"href":"https:\/\/www.laure.archi.fr\/index.php?rest_route=\/wp\/v2\/posts"}],"about":[{"href":"https:\/\/www.laure.archi.fr\/index.php?rest_route=\/wp\/v2\/types\/post"}],"author":[{"embeddable":true,"href":"https:\/\/www.laure.archi.fr\/index.php?rest_route=\/wp\/v2\/users\/1"}],"replies":[{"embeddable":true,"href":"https:\/\/www.laure.archi.fr\/index.php?rest_route=%2Fwp%2Fv2%2Fcomments&post=1239"}],"version-history":[{"count":2,"href":"https:\/\/www.laure.archi.fr\/index.php?rest_route=\/wp\/v2\/posts\/1239\/revisions"}],"predecessor-version":[{"id":1246,"href":"https:\/\/www.laure.archi.fr\/index.php?rest_route=\/wp\/v2\/posts\/1239\/revisions\/1246"}],"wp:attachment":[{"href":"https:\/\/www.laure.archi.fr\/index.php?rest_route=%2Fwp%2Fv2%2Fmedia&parent=1239"}],"wp:term":[{"taxonomy":"category","embeddable":true,"href":"https:\/\/www.laure.archi.fr\/index.php?rest_route=%2Fwp%2Fv2%2Fcategories&post=1239"},{"taxonomy":"post_tag","embeddable":true,"href":"https:\/\/www.laure.archi.fr\/index.php?rest_route=%2Fwp%2Fv2%2Ftags&post=1239"}],"curies":[{"name":"wp","href":"https:\/\/api.w.org\/{rel}","templated":true}]}}