{"id":1227,"date":"2021-01-05T14:23:18","date_gmt":"2021-01-05T13:23:18","guid":{"rendered":"https:\/\/www.laure.archi.fr\/?p=1227"},"modified":"2021-01-06T16:20:03","modified_gmt":"2021-01-06T15:20:03","slug":"philippe-dufieux-benjamin-chavardes-christian-marcot-lecole-darchitecture-de-lyon-un-manifeste-architectural","status":"publish","type":"post","link":"https:\/\/www.laure.archi.fr\/?p=1227","title":{"rendered":"Philippe Dufieux, Benjamin Chavard\u00e8s &#038; Christian Marcot \/ L&rsquo;\u00c9cole d&rsquo;Architecture de Lyon, un manifeste architectural"},"content":{"rendered":"\n<p><em>mardi 12 janvier 2020, de 18h \u00e0 19h30, en visioconf\u00e9rence<\/em><\/p>\n\n\n\n<figure class=\"wp-block-image\"><img loading=\"lazy\" width=\"1024\" height=\"1024\" src=\"https:\/\/www.laure.archi.fr\/wp-content\/uploads\/2021\/01\/page_1-1024x1024.jpg\" alt=\"\" class=\"wp-image-1230\" srcset=\"https:\/\/www.laure.archi.fr\/wp-content\/uploads\/2021\/01\/page_1-1024x1024.jpg 1024w, https:\/\/www.laure.archi.fr\/wp-content\/uploads\/2021\/01\/page_1-150x150.jpg 150w, https:\/\/www.laure.archi.fr\/wp-content\/uploads\/2021\/01\/page_1-300x300.jpg 300w, https:\/\/www.laure.archi.fr\/wp-content\/uploads\/2021\/01\/page_1-768x768.jpg 768w, https:\/\/www.laure.archi.fr\/wp-content\/uploads\/2021\/01\/page_1.jpg 1804w\" sizes=\"(max-width: 1024px) 100vw, 1024px\" \/><\/figure>\n\n\n\n<!--more-->\n\n\n\n<p>Les Caf\u00e9s du LAURe re\u00e7oivent  Philippe Dufieux, Christian Marcot et Benjamin Chavard\u00e9s pour la pr\u00e9sentation de l\u2019ouvrage <em>L\u2019Ecole d\u2019architecture de Lyon, un manifeste architectural<\/em> qui vient de para\u00eetre aux Editions Libel, et qui relate le r\u00e9cit d\u2019une r\u00e9alisation devenue une r\u00e9f\u00e9rence architecturale : L\u2019ENSAL<\/p>\n\n\n\n<p>L\u2019\u00c9cole d\u2019architecture de Lyon (prix sp\u00e9cial du jury de l\u2019\u00c9querre d\u2019argent en 1987), de Fran\u00e7oise-H\u00e9l\u00e8ne Jourda (1955-2015) et de Gilles Perraudin (1949), livr\u00e9e en 1988, se distingue comme l\u2019une des constructions publiques les plus singuli\u00e8res des ann\u00e9es 1980, v\u00e9ritable symbole du r\u00e9investissement de l\u2019\u00c9tat dans la formation des architectes.<\/p>\n\n\n\n<p>Pendant pr\u00e8s d\u2019une vingtaine d\u2019ann\u00e9es, les projets se multiplient dans l\u2019agglom\u00e9ration lyonnaise avant que le choix de la localisation de la nouvelle \u00c9cole d\u2019architecture ne se porte sur Vaulx-en-Velin, dans le cadre d\u2019un rapprochement avec l\u2019\u00c9cole nationale des travaux publics de l\u2019\u00c9tat, construite en 1976, mat\u00e9rialisant sa longue complicit\u00e9 avec les grandes \u00e9coles publiques d\u2019ing\u00e9nieurs et qui marque le d\u00e9but d\u2019une structuration des campus de ce qui deviendra l\u2019Universit\u00e9 de Lyon.<\/p>\n\n\n\n<p><em>Sous la direction de Philippe Dufieux, professeur avec la collaboration  de Christian Marcot et Benjamin Chavard\u00e9s, ma\u00eetres de conf\u00e9rences,  l\u2019ouvrage est pr\u00e9fac\u00e9 par Nathalie Mezureux, directrice de l\u2019ENSAL. <\/em><\/p>\n\n\n\n<p><a href=\"https:\/\/meet.google.com\/gcd-qbcn-oad\">Lien vers la visioconf\u00e9rence<\/a><\/p>\n","protected":false},"excerpt":{"rendered":"<p>mardi 12 janvier 2020, de 18h \u00e0 19h30, en visioconf\u00e9rence<\/p>\n","protected":false},"author":1,"featured_media":0,"comment_status":"open","ping_status":"open","sticky":false,"template":"","format":"standard","meta":[],"categories":[17],"tags":[],"_links":{"self":[{"href":"https:\/\/www.laure.archi.fr\/index.php?rest_route=\/wp\/v2\/posts\/1227"}],"collection":[{"href":"https:\/\/www.laure.archi.fr\/index.php?rest_route=\/wp\/v2\/posts"}],"about":[{"href":"https:\/\/www.laure.archi.fr\/index.php?rest_route=\/wp\/v2\/types\/post"}],"author":[{"embeddable":true,"href":"https:\/\/www.laure.archi.fr\/index.php?rest_route=\/wp\/v2\/users\/1"}],"replies":[{"embeddable":true,"href":"https:\/\/www.laure.archi.fr\/index.php?rest_route=%2Fwp%2Fv2%2Fcomments&post=1227"}],"version-history":[{"count":5,"href":"https:\/\/www.laure.archi.fr\/index.php?rest_route=\/wp\/v2\/posts\/1227\/revisions"}],"predecessor-version":[{"id":1244,"href":"https:\/\/www.laure.archi.fr\/index.php?rest_route=\/wp\/v2\/posts\/1227\/revisions\/1244"}],"wp:attachment":[{"href":"https:\/\/www.laure.archi.fr\/index.php?rest_route=%2Fwp%2Fv2%2Fmedia&parent=1227"}],"wp:term":[{"taxonomy":"category","embeddable":true,"href":"https:\/\/www.laure.archi.fr\/index.php?rest_route=%2Fwp%2Fv2%2Fcategories&post=1227"},{"taxonomy":"post_tag","embeddable":true,"href":"https:\/\/www.laure.archi.fr\/index.php?rest_route=%2Fwp%2Fv2%2Ftags&post=1227"}],"curies":[{"name":"wp","href":"https:\/\/api.w.org\/{rel}","templated":true}]}}