{"id":1070,"date":"2019-01-29T22:44:31","date_gmt":"2019-01-29T21:44:31","guid":{"rendered":"https:\/\/www.laure.archi.fr\/?p=1070"},"modified":"2019-01-29T22:44:31","modified_gmt":"2019-01-29T21:44:31","slug":"lavenir-des-eglises-actes-du-colloque","status":"publish","type":"post","link":"https:\/\/www.laure.archi.fr\/?p=1070","title":{"rendered":"L&rsquo;Avenir des \u00e9glises \/ Actes du colloque"},"content":{"rendered":"<h1>L&rsquo;Avenir des \u00e9glises<br \/>\n<em>\u00c9tat des lieux, strat\u00e9gies et programmes de reconversion<\/em><\/h1>\n<p><a href=\"https:\/\/www.laure.archi.fr\/?attachment_id=1071\" rel=\"attachment wp-att-1071\"><img loading=\"lazy\" class=\"wp-image-1071 alignleft\" src=\"https:\/\/www.laure.archi.fr\/wp-content\/uploads\/2019\/01\/w300_h600_2966541545231251.jpeg\" alt=\"\" width=\"220\" height=\"285\" srcset=\"https:\/\/www.laure.archi.fr\/wp-content\/uploads\/2019\/01\/w300_h600_2966541545231251.jpeg 300w, https:\/\/www.laure.archi.fr\/wp-content\/uploads\/2019\/01\/w300_h600_2966541545231251-231x300.jpeg 231w\" sizes=\"(max-width: 220px) 100vw, 220px\" \/><\/a><\/p>\n<p>&nbsp;<\/p>\n<p>&nbsp;<\/p>\n<p>Parution des actes du colloque de 2016 sur l&rsquo;Avenir des \u00e9glises aux <a href=\"http:\/\/presses.univ-lyon2.fr\/produit.php?id_produit=2040\">Presses universitaires de Lyon<\/a>, dirig\u00e9 par Benjamin Chavard\u00e8s &amp; Philippe Dufieux<\/p>\n<p><!--more-->Si le fait religieux a profond\u00e9ment structur\u00e9 l\u2019univers occidental et son environnement urbain, la r\u00e9utilisation du patrimoine eccl\u00e9siastique compte pour l\u2019une des cons\u00e9quences les plus imm\u00e9diates des \u00e9volutions soci\u00e9tales contemporaines. Face au ph\u00e9nom\u00e8ne de s\u00e9cularisation \u2013 qui entra\u00eene la cession croissante de lieux de culte, leur transformation, voire leur destruction \u2013, le patrimoine religieux europ\u00e9en doit r\u00e9pondre aux d\u00e9fis de la mutation fonctionnelle et architecturale dans des proportions in\u00e9dites : dans les d\u00e9cennies \u00e0 venir, plusieurs milliers d\u2019\u00e9glises seront modifi\u00e9es pour de nouveaux usages. Ce ph\u00e9nom\u00e8ne doit \u00eatre appr\u00e9hend\u00e9 dans une vision globale \u00e0 l\u2019aune du renouvellement urbain, de la densification comme du d\u00e9veloppement durable. Ce constat s\u2019applique tout particuli\u00e8rement aux enjeux de l\u2019enseignement du projet architectural, l\u2019intervention sur l\u2019existant constituant l\u2019un des puissants supports de la cr\u00e9ation contemporaine. Si les logiques de reconversion et de transformation des constructions religieuses sont \u00e0 l\u2019\u0153uvre depuis de nombreuses ann\u00e9es en Europe du Nord comme en Am\u00e9rique du Nord, elles demeurent embryonnaires dans les pays m\u00e9ridionaux de tradition catholique. Gr\u00e2ce aux contributions d\u2019une vingtaine de sp\u00e9cialistes europ\u00e9ens et nord-am\u00e9ricains, ce volume s\u2019offre pour ambition de faire une synth\u00e8se des exp\u00e9riences contemporaines et d\u2019apporter des \u00e9l\u00e9ments de r\u00e9flexion pour la mise en place des futurs programmes de reconversion de ces \u00e9difices.<\/p>\n<p><em><strong>Benjamin Chavard\u00e8s<\/strong><\/em> est architecte et docteur en architecture, ma\u00eetre de conf\u00e9rences associ\u00e9 \u00e0 l\u2019\u00c9cole nationale sup\u00e9rieure d\u2019architecture de Lyon (ENSAL) et chercheur associ\u00e9 au laboratoire LAURE-BRAUP MC. Son champ d\u2019\u00e9tudes porte sur la th\u00e9orie de l\u2019architecture, sur l\u2019intervention sur le patrimoine b\u00e2ti et sur l\u2019architecture sacr\u00e9e. Il est l\u2019auteur de Quand le post-modernisme s\u2019expose (\u00c9ditions de l\u2019Esp\u00e9rou, 2015).<\/p>\n<p><em><strong>Philippe Dufieux<\/strong><\/em> est professeur d\u2019histoire de l\u2019architecture \u00e0 l\u2019ENSAL et chercheur au laboratoire LAURE-EVS. Ses travaux portent sur l\u2019histoire de l\u2019art et de l\u2019architecture aux XIXe et XXe si\u00e8cles. Il est responsable du r\u00e9seau scientifique et th\u00e9matique \u00ab Architecture, Patrimoine et Cr\u00e9ation \u00bb au sein du minist\u00e8re de la Culture. Il est l\u2019auteur d\u2019une dizaine d\u2019ouvrages parmi lesquels L\u2019Art de Lyon, avec Jean-Christophe Stuccilli (\u00c9ditions Place des Victoires, 2017)<\/p>\n<p><a href=\"http:\/\/presses.univ-lyon2.fr\/produit.php?id_produit=2040\">http:\/\/presses.univ-lyon2.fr\/produit.php?id_produit=2040<\/a><\/p>\n","protected":false},"excerpt":{"rendered":"<p>L&rsquo;Avenir des \u00e9glises \u00c9tat des lieux, strat\u00e9gies et programmes de reconversion &nbsp; &nbsp; Parution des actes du colloque de 2016 sur l&rsquo;Avenir des \u00e9glises aux Presses universitaires de Lyon, dirig\u00e9 par Benjamin Chavard\u00e8s &amp; Philippe Dufieux<\/p>\n","protected":false},"author":1,"featured_media":0,"comment_status":"open","ping_status":"open","sticky":false,"template":"","format":"standard","meta":[],"categories":[20],"tags":[],"_links":{"self":[{"href":"https:\/\/www.laure.archi.fr\/index.php?rest_route=\/wp\/v2\/posts\/1070"}],"collection":[{"href":"https:\/\/www.laure.archi.fr\/index.php?rest_route=\/wp\/v2\/posts"}],"about":[{"href":"https:\/\/www.laure.archi.fr\/index.php?rest_route=\/wp\/v2\/types\/post"}],"author":[{"embeddable":true,"href":"https:\/\/www.laure.archi.fr\/index.php?rest_route=\/wp\/v2\/users\/1"}],"replies":[{"embeddable":true,"href":"https:\/\/www.laure.archi.fr\/index.php?rest_route=%2Fwp%2Fv2%2Fcomments&post=1070"}],"version-history":[{"count":1,"href":"https:\/\/www.laure.archi.fr\/index.php?rest_route=\/wp\/v2\/posts\/1070\/revisions"}],"predecessor-version":[{"id":1072,"href":"https:\/\/www.laure.archi.fr\/index.php?rest_route=\/wp\/v2\/posts\/1070\/revisions\/1072"}],"wp:attachment":[{"href":"https:\/\/www.laure.archi.fr\/index.php?rest_route=%2Fwp%2Fv2%2Fmedia&parent=1070"}],"wp:term":[{"taxonomy":"category","embeddable":true,"href":"https:\/\/www.laure.archi.fr\/index.php?rest_route=%2Fwp%2Fv2%2Fcategories&post=1070"},{"taxonomy":"post_tag","embeddable":true,"href":"https:\/\/www.laure.archi.fr\/index.php?rest_route=%2Fwp%2Fv2%2Ftags&post=1070"}],"curies":[{"name":"wp","href":"https:\/\/api.w.org\/{rel}","templated":true}]}}