{"id":1063,"date":"2019-01-21T17:31:14","date_gmt":"2019-01-21T16:31:14","guid":{"rendered":"https:\/\/www.laure.archi.fr\/?p=1063"},"modified":"2019-01-21T17:39:34","modified_gmt":"2019-01-21T16:39:34","slug":"la-semaine-du-son-recits-de-villes","status":"publish","type":"post","link":"https:\/\/www.laure.archi.fr\/?p=1063","title":{"rendered":"La Semaine du Son \/ R\u00e9cits de Vi(ll)es"},"content":{"rendered":"<h1>Prendre des voix et les restituer<\/h1>\n<p><em>Table ronde \/ d\u00e9bats<\/em><br \/>\n<em>vendredi 1er f\u00e9vrier \/ 17h30 &#8211; 19h30 \/ ENSAL salle 4<\/em><\/p>\n<p><a href=\"https:\/\/www.laure.archi.fr\/?attachment_id=1064\" rel=\"attachment wp-att-1064\"><img loading=\"lazy\" class=\"alignnone size-full wp-image-1064\" src=\"https:\/\/www.laure.archi.fr\/wp-content\/uploads\/2019\/01\/crop2.jpg\" alt=\"\" width=\"1000\" height=\"996\" srcset=\"https:\/\/www.laure.archi.fr\/wp-content\/uploads\/2019\/01\/crop2.jpg 1000w, https:\/\/www.laure.archi.fr\/wp-content\/uploads\/2019\/01\/crop2-150x150.jpg 150w, https:\/\/www.laure.archi.fr\/wp-content\/uploads\/2019\/01\/crop2-300x300.jpg 300w, https:\/\/www.laure.archi.fr\/wp-content\/uploads\/2019\/01\/crop2-768x765.jpg 768w\" sizes=\"(max-width: 1000px) 100vw, 1000px\" \/><\/a><\/p>\n<p><!--more-->A l&rsquo;occasion de <a href=\"https:\/\/www.lasemaineduson.org\/vaulx-en-velin-1689\">la semaine du son<\/a>, le laboratoire Laure organise avec le groupe <a href=\"http:\/\/lalca.org\/\">lalca<\/a> une table ronde autour de R\u00e9cits de Vi(ll)es. Anim\u00e9s par Fabien Pinaroli les d\u00e9bats sur la place de la voix dans l&rsquo;espace public seront nourris par les exp\u00e9riences pr\u00e9cieuses d&rsquo;architectes Jule Bernard, Florent Otello, de l&rsquo;anthropologue Corine V\u00e9drine, d&rsquo;artistes Corentine Baudrand et Marc-Antoine Granier du g\u00e9ographe S\u00e9bastien de Pertat, du designer Thomas Bonnenfant et de l&rsquo;acousticien Christian Hugonnet, pr\u00e9sident-fondateur de La semaine du son.<\/p>\n<p>Quel dispositif d&rsquo;\u00e9coute de voix enregistr\u00e9es ? Quelles micro-architectures imaginer pour restituer ces r\u00e9cits de vi(ll)es ? et de nombreuses questions ouvertes sur l&rsquo;int\u00e9gration du sonore dans la fabrique de la ville.<\/p>\n<p>D\u00e8s 16h30, vous pourrez tester les 2 dispostifs d&rsquo;\u00e9coute La Cabine sonore de LALCA et<a href=\"https:\/\/losonnante.wordpress.com\/\"> LoSonnante<\/a> (un objet tr\u00e8s \u00e9tonnant d&rsquo;\u00e9coute par conduction osseuse) qui seront install\u00e9s pour l&rsquo;occasion dans la rue de l&rsquo;ENSAL<\/p>\n<p>inscription: <a href=\"mailto:cecile.regnault@lyon.archi.fr\">cecile.regnault@lyon.archi.fr<\/a><br \/>\n<a href=\"https:\/\/www.laure.archi.fr\/wp-content\/uploads\/2019\/01\/190201tableronde-1erfevrier2019.pdf\">Affiche de l&rsquo;\u00e9v\u00e9nement<\/a><\/p>\n","protected":false},"excerpt":{"rendered":"<p>Prendre des voix et les restituer Table ronde \/ d\u00e9bats vendredi 1er f\u00e9vrier \/ 17h30 &#8211; 19h30 \/ ENSAL salle 4<\/p>\n","protected":false},"author":1,"featured_media":0,"comment_status":"open","ping_status":"open","sticky":false,"template":"","format":"standard","meta":[],"categories":[18],"tags":[],"_links":{"self":[{"href":"https:\/\/www.laure.archi.fr\/index.php?rest_route=\/wp\/v2\/posts\/1063"}],"collection":[{"href":"https:\/\/www.laure.archi.fr\/index.php?rest_route=\/wp\/v2\/posts"}],"about":[{"href":"https:\/\/www.laure.archi.fr\/index.php?rest_route=\/wp\/v2\/types\/post"}],"author":[{"embeddable":true,"href":"https:\/\/www.laure.archi.fr\/index.php?rest_route=\/wp\/v2\/users\/1"}],"replies":[{"embeddable":true,"href":"https:\/\/www.laure.archi.fr\/index.php?rest_route=%2Fwp%2Fv2%2Fcomments&post=1063"}],"version-history":[{"count":3,"href":"https:\/\/www.laure.archi.fr\/index.php?rest_route=\/wp\/v2\/posts\/1063\/revisions"}],"predecessor-version":[{"id":1068,"href":"https:\/\/www.laure.archi.fr\/index.php?rest_route=\/wp\/v2\/posts\/1063\/revisions\/1068"}],"wp:attachment":[{"href":"https:\/\/www.laure.archi.fr\/index.php?rest_route=%2Fwp%2Fv2%2Fmedia&parent=1063"}],"wp:term":[{"taxonomy":"category","embeddable":true,"href":"https:\/\/www.laure.archi.fr\/index.php?rest_route=%2Fwp%2Fv2%2Fcategories&post=1063"},{"taxonomy":"post_tag","embeddable":true,"href":"https:\/\/www.laure.archi.fr\/index.php?rest_route=%2Fwp%2Fv2%2Ftags&post=1063"}],"curies":[{"name":"wp","href":"https:\/\/api.w.org\/{rel}","templated":true}]}}