{"id":1017,"date":"2018-07-18T12:04:01","date_gmt":"2018-07-18T10:04:01","guid":{"rendered":"https:\/\/www.laure.archi.fr\/?p=1017"},"modified":"2018-07-18T12:04:01","modified_gmt":"2018-07-18T10:04:01","slug":"plu-patrimonial-seminaire-international-24-et-25-septembre-a-tours","status":"publish","type":"post","link":"https:\/\/www.laure.archi.fr\/?p=1017","title":{"rendered":"PLU PATRIMONIAL \/ s\u00e9minaire international 24 et 25 septembre \u00e0 Tours"},"content":{"rendered":"<p><a href=\"https:\/\/www.laure.archi.fr\/?attachment_id=1018\" rel=\"attachment wp-att-1018\"><img loading=\"lazy\" class=\"alignnone size-full wp-image-1018\" src=\"https:\/\/www.laure.archi.fr\/wp-content\/uploads\/2018\/07\/PLUPAT.jpg\" alt=\"\" width=\"888\" height=\"348\" srcset=\"https:\/\/www.laure.archi.fr\/wp-content\/uploads\/2018\/07\/PLUPAT.jpg 888w, https:\/\/www.laure.archi.fr\/wp-content\/uploads\/2018\/07\/PLUPAT-300x118.jpg 300w, https:\/\/www.laure.archi.fr\/wp-content\/uploads\/2018\/07\/PLUPAT-768x301.jpg 768w\" sizes=\"(max-width: 888px) 100vw, 888px\" \/><\/a><\/p>\n<h5><em>Quel r\u00f4le des documents d\u2019urbanisme pour la protection du patrimoine urbain ?<\/em><\/h5>\n<p>L\u2019\u00e9quipe du programme de recherche PLU PATRIMONIAL organise un s\u00e9minaire international qui aura lieu les 24 et 25 septembre 2018 \u00e0 Tours. L\u2019objectif du s\u00e9minaire est de mettre en discussion nos r\u00e9sultats de recherche et de produire une r\u00e9flexion ancr\u00e9e sur la comparaison de diff\u00e9rents contextes nationaux.<\/p>\n<p><!--more--><\/p>\n<p><a href=\"https:\/\/www.laure.archi.fr\/?attachment_id=1019\" rel=\"attachment wp-att-1019\">Programme provisoire<\/a><\/p>\n<p>Confirmez votre pr\u00e9sence (et votre participation aux repas, offerts sur inscription uniquement) via le lien suivant : <a href=\"https:\/\/framadate.org\/seminaire-international-plupat\">https:\/\/framadate.org\/seminaire-international-plupat<\/a><\/p>\n<p>ATTENTION : le s\u00e9minaire est ouvert \u00e0 tous DANS LA LIMITE DES PLACES DISPONIBLES.<\/p>\n<p>Notez \u00e9galement dans vos agendas la date du colloque de cl\u00f4ture de ce programme de recherche, qui aura lieu les <em><strong>17 et 18 juin 2019 \u00e0 Angers<\/strong><\/em>. Apr\u00e8s plusieurs ann\u00e9es de recherche l\u2019\u00e9quipe \u00ab PLU patrimonial \u00bb invite \u00e0 une pr\u00e9sentation des r\u00e9sultats du programme financ\u00e9 par l\u2019ANR sur les liens entre planification urbaine et protection des patrimoines. Ce colloque de cl\u00f4ture du programme constituera la 5e \u00e9dition des journ\u00e9es d\u2019\u00e9tudes \u00ab Droit et gouvernance du patrimoine architectural et paysager \u00bb de l\u2019Universit\u00e9 d\u2019Angers.<\/p>\n<p><a href=\"https:\/\/www.laure.archi.fr\/?attachment_id=1020\" rel=\"attachment wp-att-1020\">PLUPAT Angers &#8211; SAVE THE DATE<\/a><\/p>\n","protected":false},"excerpt":{"rendered":"<p>Quel r\u00f4le des documents d\u2019urbanisme pour la protection du patrimoine urbain ? L\u2019\u00e9quipe du programme de recherche PLU PATRIMONIAL organise un s\u00e9minaire international qui aura lieu les 24 et 25 septembre 2018 \u00e0 Tours. L\u2019objectif du s\u00e9minaire est de mettre en discussion nos r\u00e9sultats de recherche et de produire une r\u00e9flexion ancr\u00e9e sur la comparaison &hellip; <a href=\"https:\/\/www.laure.archi.fr\/?p=1017\" class=\"more-link\">Continuer la lecture de <span class=\"screen-reader-text\">PLU PATRIMONIAL \/ s\u00e9minaire international 24 et 25 septembre \u00e0 Tours<\/span> <span class=\"meta-nav\">&rarr;<\/span><\/a><\/p>\n","protected":false},"author":1,"featured_media":0,"comment_status":"open","ping_status":"open","sticky":false,"template":"","format":"standard","meta":[],"categories":[18],"tags":[],"_links":{"self":[{"href":"https:\/\/www.laure.archi.fr\/index.php?rest_route=\/wp\/v2\/posts\/1017"}],"collection":[{"href":"https:\/\/www.laure.archi.fr\/index.php?rest_route=\/wp\/v2\/posts"}],"about":[{"href":"https:\/\/www.laure.archi.fr\/index.php?rest_route=\/wp\/v2\/types\/post"}],"author":[{"embeddable":true,"href":"https:\/\/www.laure.archi.fr\/index.php?rest_route=\/wp\/v2\/users\/1"}],"replies":[{"embeddable":true,"href":"https:\/\/www.laure.archi.fr\/index.php?rest_route=%2Fwp%2Fv2%2Fcomments&post=1017"}],"version-history":[{"count":1,"href":"https:\/\/www.laure.archi.fr\/index.php?rest_route=\/wp\/v2\/posts\/1017\/revisions"}],"predecessor-version":[{"id":1021,"href":"https:\/\/www.laure.archi.fr\/index.php?rest_route=\/wp\/v2\/posts\/1017\/revisions\/1021"}],"wp:attachment":[{"href":"https:\/\/www.laure.archi.fr\/index.php?rest_route=%2Fwp%2Fv2%2Fmedia&parent=1017"}],"wp:term":[{"taxonomy":"category","embeddable":true,"href":"https:\/\/www.laure.archi.fr\/index.php?rest_route=%2Fwp%2Fv2%2Fcategories&post=1017"},{"taxonomy":"post_tag","embeddable":true,"href":"https:\/\/www.laure.archi.fr\/index.php?rest_route=%2Fwp%2Fv2%2Ftags&post=1017"}],"curies":[{"name":"wp","href":"https:\/\/api.w.org\/{rel}","templated":true}]}}